{"id":3638,"date":"2023-01-02T16:40:34","date_gmt":"2023-01-02T16:40:34","guid":{"rendered":"https:\/\/modafinilminds.com\/modafinil-bei-depressionen-ein-wendepunkt-fuer-die-psychische-gesundheit\/"},"modified":"2025-02-17T13:19:32","modified_gmt":"2025-02-17T13:19:32","slug":"modafinil-bei-depressionen-ein-wendepunkt-fuer-die-psychische-gesundheit","status":"publish","type":"post","link":"https:\/\/modafinilminds.com\/de\/modafinil-bei-depressionen-ein-wendepunkt-fuer-die-psychische-gesundheit\/","title":{"rendered":"Modafinil bei Depressionen: Ein Wendepunkt f\u00fcr die psychische Gesundheit"},"content":{"rendered":"<p>F\u00fcr Millionen von Menschen, die t\u00e4glich mit Depressionen k\u00e4mpfen, ist der Weg zur Genesung ein st\u00e4ndiger Anstieg, vor allem wenn die \u00fcblichen Antidepressiva keine Linderung bringen. Mit Ersch\u00f6pfung, \u00fcberw\u00e4ltigender M\u00fcdigkeit und einer st\u00e4ndigen Wolke der Angst, die \u00fcber Ihrem Kopf schwebt, werden selbst die einfachsten Aufgaben unm\u00f6glich. Aber was w\u00e4re, wenn es einen effektiveren Weg g\u00e4be, diese Symptome zu bek\u00e4mpfen und das Leben von Menschen, die mit Depressionen zu k\u00e4mpfen haben, zu erleichtern? Hier kommt Modafinil zur Behandlung von Depressionen ins Spiel, ein Medikament, das aufgrund seines Potenzials, die Behandlung von Depressionen zu ver\u00e4ndern, von sich reden macht. <span style=\"font-weight: 400;\">Eine <\/span><span style=\"font-weight: 400;\">aktuelle Studie untersuchte 45 Patienten<\/span> <span style=\"font-weight: 400;\"> mit schweren Depressionen, die nicht auf die Standardbehandlung ansprachen<sup>.1<\/sup> Diese Patienten begannen mit der Einnahme von Modafinil, und innerhalb von nur zwei Wochen geschah etwas Bemerkenswertes: Ihre Symptome begannen sich zu bessern. Nach drei Monaten war das Energieniveau der Probanden gestiegen, die \u00c4ngste waren zur\u00fcckgegangen und die Bewertung ihrer Depression hatte sich verringert, wenn sie Modafinil mit oder ohne andere Antidepressiva einnahmen. <\/span><\/p>\n<p><span style=\"font-weight: 400;\">Die Studie steckt zwar noch in den Kinderschuhen, aber sie ist eine realistische M\u00f6glichkeit f\u00fcr diejenigen, die mit der Standardbehandlung f\u00fcr Depressionen keine Linderung gefunden haben. Ist es m\u00f6glich, dass Modafinil das ist, worauf wir gewartet haben? Lassen Sie uns nun einen genaueren Blick darauf werfen, was dieses Medikament so unwiderstehlich macht &#8211; und was es vielleicht zu einem Wendepunkt in der Behandlung psychischer Erkrankungen macht. <\/span><\/p>\n","protected":false},"excerpt":{"rendered":"<p>F\u00fcr Millionen von Menschen, die t\u00e4glich mit Depressionen k\u00e4mpfen, ist der Weg zur Genesung ein st\u00e4ndiger Anstieg, vor allem wenn die \u00fcblichen Antidepressiva keine Linderung bringen. Mit Ersch\u00f6pfung, \u00fcberw\u00e4ltigender M\u00fcdigkeit und einer st\u00e4ndigen Wolke der Angst, die \u00fcber Ihrem Kopf schwebt, werden selbst die einfachsten Aufgaben unm\u00f6glich. Aber was w\u00e4re, wenn es einen effektiveren Weg [&hellip;]<\/p>\n","protected":false},"author":7,"featured_media":3136,"comment_status":"open","ping_status":"open","sticky":false,"template":"","format":"standard","meta":{"_acf_changed":false,"_crdt_document":"","footnotes":""},"categories":[24],"tags":[],"class_list":["post-3638","post","type-post","status-publish","format-standard","has-post-thumbnail","hentry","category-bildungsressourcen"],"featured_image_src":"https:\/\/modafinilminds.com\/wp-content\/uploads\/2025\/01\/modafinil-for-depression-Main-Image-scaled.webp","author_info":{"display_name":"M.R. Puyvelde","author_link":"https:\/\/modafinilminds.com\/de\/author\/m-r-puyvelde\/"},"acf":[],"yoast_head":"<!-- This site is optimized with the Yoast SEO plugin v27.4 - https:\/\/yoast.com\/product\/yoast-seo-wordpress\/ -->\n<title>Modafinil bei Depressionen: Ein Wendepunkt f\u00fcr die psychische Gesundheit - Modafinilminds<\/title>\n<meta name=\"description\" content=\"Erfahren Sie, wie Modafinil bei Depressionen den Fokus, die Energie und die Stimmung verbessert und damit einen potenziellen Durchbruch in der Behandlung psychischer Erkrankungen darstellt.\" \/>\n<meta name=\"robots\" content=\"index, follow, max-snippet:-1, max-image-preview:large, max-video-preview:-1\" \/>\n<link rel=\"canonical\" href=\"https:\/\/modafinilminds.com\/modafinil-for-depression\/\" \/>\n<meta property=\"og:locale\" content=\"de_DE\" \/>\n<meta property=\"og:type\" content=\"article\" \/>\n<meta property=\"og:title\" content=\"Modafinil bei Depressionen: Ein Wendepunkt f\u00fcr die psychische Gesundheit - Modafinilminds\" \/>\n<meta property=\"og:description\" content=\"Erfahren Sie, wie Modafinil bei Depressionen den Fokus, die Energie und die Stimmung verbessert und damit einen potenziellen Durchbruch in der Behandlung psychischer Erkrankungen darstellt.\" \/>\n<meta property=\"og:url\" content=\"https:\/\/modafinilminds.com\/modafinil-for-depression\/\" \/>\n<meta property=\"og:site_name\" content=\"Modafinilminds\" \/>\n<meta property=\"article:published_time\" content=\"2023-01-02T16:40:34+00:00\" \/>\n<meta property=\"article:modified_time\" content=\"2025-02-17T13:19:32+00:00\" \/>\n<meta property=\"og:image\" content=\"https:\/\/modafinilminds.com\/wp-content\/uploads\/2025\/01\/modafinil-for-depression-Main-Image-1024x569.png\" \/>\n\t<meta property=\"og:image:width\" content=\"1024\" \/>\n\t<meta property=\"og:image:height\" content=\"569\" \/>\n\t<meta property=\"og:image:type\" content=\"image\/png\" \/>\n<meta name=\"author\" content=\"M.R. Puyvelde\" \/>\n<meta name=\"twitter:card\" content=\"summary_large_image\" \/>\n<meta name=\"twitter:label1\" content=\"Verfasst von\" \/>\n\t<meta name=\"twitter:data1\" content=\"M.R. Puyvelde\" \/>\n\t<meta name=\"twitter:label2\" content=\"Gesch\u00e4tzte Lesezeit\" \/>\n\t<meta name=\"twitter:data2\" content=\"13\u00a0Minuten\" \/>\n<script type=\"application\/ld+json\" class=\"yoast-schema-graph\">{\"@context\":\"https:\\\/\\\/schema.org\",\"@graph\":[{\"@type\":\"Article\",\"@id\":\"https:\\\/\\\/modafinilminds.com\\\/modafinil-for-depression\\\/#article\",\"isPartOf\":{\"@id\":\"https:\\\/\\\/modafinilminds.com\\\/modafinil-for-depression\\\/\"},\"author\":{\"name\":\"M.R. Puyvelde\",\"@id\":\"https:\\\/\\\/modafinilminds.com\\\/#\\\/schema\\\/person\\\/ab33c8418b1039911993de23b400339a\"},\"headline\":\"Modafinil bei Depressionen: Ein Wendepunkt f\u00fcr die psychische Gesundheit\",\"datePublished\":\"2023-01-02T16:40:34+00:00\",\"dateModified\":\"2025-02-17T13:19:32+00:00\",\"mainEntityOfPage\":{\"@id\":\"https:\\\/\\\/modafinilminds.com\\\/modafinil-for-depression\\\/\"},\"wordCount\":260,\"commentCount\":0,\"publisher\":{\"@id\":\"https:\\\/\\\/modafinilminds.com\\\/#organization\"},\"image\":{\"@id\":\"https:\\\/\\\/modafinilminds.com\\\/modafinil-for-depression\\\/#primaryimage\"},\"thumbnailUrl\":\"https:\\\/\\\/modafinilminds.com\\\/wp-content\\\/uploads\\\/2025\\\/01\\\/modafinil-for-depression-Main-Image-scaled.webp\",\"articleSection\":[\"Bildungsressourcen\"],\"inLanguage\":\"de\",\"potentialAction\":[{\"@type\":\"CommentAction\",\"name\":\"Comment\",\"target\":[\"https:\\\/\\\/modafinilminds.com\\\/modafinil-for-depression\\\/#respond\"]}]},{\"@type\":\"WebPage\",\"@id\":\"https:\\\/\\\/modafinilminds.com\\\/modafinil-for-depression\\\/\",\"url\":\"https:\\\/\\\/modafinilminds.com\\\/modafinil-for-depression\\\/\",\"name\":\"Modafinil bei Depressionen: Ein Wendepunkt f\u00fcr die psychische Gesundheit - Modafinilminds\",\"isPartOf\":{\"@id\":\"https:\\\/\\\/modafinilminds.com\\\/#website\"},\"primaryImageOfPage\":{\"@id\":\"https:\\\/\\\/modafinilminds.com\\\/modafinil-for-depression\\\/#primaryimage\"},\"image\":{\"@id\":\"https:\\\/\\\/modafinilminds.com\\\/modafinil-for-depression\\\/#primaryimage\"},\"thumbnailUrl\":\"https:\\\/\\\/modafinilminds.com\\\/wp-content\\\/uploads\\\/2025\\\/01\\\/modafinil-for-depression-Main-Image-scaled.webp\",\"datePublished\":\"2023-01-02T16:40:34+00:00\",\"dateModified\":\"2025-02-17T13:19:32+00:00\",\"description\":\"Erfahren Sie, wie Modafinil bei Depressionen den Fokus, die Energie und die Stimmung verbessert und damit einen potenziellen Durchbruch in der Behandlung psychischer Erkrankungen darstellt.\",\"breadcrumb\":{\"@id\":\"https:\\\/\\\/modafinilminds.com\\\/modafinil-for-depression\\\/#breadcrumb\"},\"inLanguage\":\"de\",\"potentialAction\":[{\"@type\":\"ReadAction\",\"target\":[\"https:\\\/\\\/modafinilminds.com\\\/modafinil-for-depression\\\/\"]}]},{\"@type\":\"ImageObject\",\"inLanguage\":\"de\",\"@id\":\"https:\\\/\\\/modafinilminds.com\\\/modafinil-for-depression\\\/#primaryimage\",\"url\":\"https:\\\/\\\/modafinilminds.com\\\/wp-content\\\/uploads\\\/2025\\\/01\\\/modafinil-for-depression-Main-Image-scaled.webp\",\"contentUrl\":\"https:\\\/\\\/modafinilminds.com\\\/wp-content\\\/uploads\\\/2025\\\/01\\\/modafinil-for-depression-Main-Image-scaled.webp\",\"width\":3000,\"height\":1667},{\"@type\":\"BreadcrumbList\",\"@id\":\"https:\\\/\\\/modafinilminds.com\\\/modafinil-for-depression\\\/#breadcrumb\",\"itemListElement\":[{\"@type\":\"ListItem\",\"position\":1,\"name\":\"Home\",\"item\":\"https:\\\/\\\/modafinilminds.com\\\/de\\\/\"},{\"@type\":\"ListItem\",\"position\":2,\"name\":\"Modafinil bei Depressionen: Ein Wendepunkt f\u00fcr die psychische Gesundheit\"}]},{\"@type\":\"WebSite\",\"@id\":\"https:\\\/\\\/modafinilminds.com\\\/#website\",\"url\":\"https:\\\/\\\/modafinilminds.com\\\/\",\"name\":\"Modafinilminds\",\"description\":\"Modafinilminds\",\"publisher\":{\"@id\":\"https:\\\/\\\/modafinilminds.com\\\/#organization\"},\"potentialAction\":[{\"@type\":\"SearchAction\",\"target\":{\"@type\":\"EntryPoint\",\"urlTemplate\":\"https:\\\/\\\/modafinilminds.com\\\/?s={search_term_string}\"},\"query-input\":{\"@type\":\"PropertyValueSpecification\",\"valueRequired\":true,\"valueName\":\"search_term_string\"}}],\"inLanguage\":\"de\"},{\"@type\":\"Organization\",\"@id\":\"https:\\\/\\\/modafinilminds.com\\\/#organization\",\"name\":\"Modafinilminds\",\"url\":\"https:\\\/\\\/modafinilminds.com\\\/\",\"logo\":{\"@type\":\"ImageObject\",\"inLanguage\":\"de\",\"@id\":\"https:\\\/\\\/modafinilminds.com\\\/#\\\/schema\\\/logo\\\/image\\\/\",\"url\":\"https:\\\/\\\/modafinilminds.com\\\/wp-content\\\/uploads\\\/2024\\\/04\\\/Group-5.png\",\"contentUrl\":\"https:\\\/\\\/modafinilminds.com\\\/wp-content\\\/uploads\\\/2024\\\/04\\\/Group-5.png\",\"width\":264,\"height\":108,\"caption\":\"Modafinilminds\"},\"image\":{\"@id\":\"https:\\\/\\\/modafinilminds.com\\\/#\\\/schema\\\/logo\\\/image\\\/\"}},{\"@type\":\"Person\",\"@id\":\"https:\\\/\\\/modafinilminds.com\\\/#\\\/schema\\\/person\\\/ab33c8418b1039911993de23b400339a\",\"name\":\"M.R. Puyvelde\"}]}<\/script>\n<!-- \/ Yoast SEO plugin. -->","yoast_head_json":{"title":"Modafinil bei Depressionen: Ein Wendepunkt f\u00fcr die psychische Gesundheit - Modafinilminds","description":"Erfahren Sie, wie Modafinil bei Depressionen den Fokus, die Energie und die Stimmung verbessert und damit einen potenziellen Durchbruch in der Behandlung psychischer Erkrankungen darstellt.","robots":{"index":"index","follow":"follow","max-snippet":"max-snippet:-1","max-image-preview":"max-image-preview:large","max-video-preview":"max-video-preview:-1"},"canonical":"https:\/\/modafinilminds.com\/modafinil-for-depression\/","og_locale":"de_DE","og_type":"article","og_title":"Modafinil bei Depressionen: Ein Wendepunkt f\u00fcr die psychische Gesundheit - Modafinilminds","og_description":"Erfahren Sie, wie Modafinil bei Depressionen den Fokus, die Energie und die Stimmung verbessert und damit einen potenziellen Durchbruch in der Behandlung psychischer Erkrankungen darstellt.","og_url":"https:\/\/modafinilminds.com\/modafinil-for-depression\/","og_site_name":"Modafinilminds","article_published_time":"2023-01-02T16:40:34+00:00","article_modified_time":"2025-02-17T13:19:32+00:00","og_image":[{"width":1024,"height":569,"url":"https:\/\/modafinilminds.com\/wp-content\/uploads\/2025\/01\/modafinil-for-depression-Main-Image-1024x569.png","type":"image\/png"}],"author":"M.R. Puyvelde","twitter_card":"summary_large_image","twitter_misc":{"Verfasst von":"M.R. Puyvelde","Gesch\u00e4tzte Lesezeit":"13\u00a0Minuten"},"schema":{"@context":"https:\/\/schema.org","@graph":[{"@type":"Article","@id":"https:\/\/modafinilminds.com\/modafinil-for-depression\/#article","isPartOf":{"@id":"https:\/\/modafinilminds.com\/modafinil-for-depression\/"},"author":{"name":"M.R. Puyvelde","@id":"https:\/\/modafinilminds.com\/#\/schema\/person\/ab33c8418b1039911993de23b400339a"},"headline":"Modafinil bei Depressionen: Ein Wendepunkt f\u00fcr die psychische Gesundheit","datePublished":"2023-01-02T16:40:34+00:00","dateModified":"2025-02-17T13:19:32+00:00","mainEntityOfPage":{"@id":"https:\/\/modafinilminds.com\/modafinil-for-depression\/"},"wordCount":260,"commentCount":0,"publisher":{"@id":"https:\/\/modafinilminds.com\/#organization"},"image":{"@id":"https:\/\/modafinilminds.com\/modafinil-for-depression\/#primaryimage"},"thumbnailUrl":"https:\/\/modafinilminds.com\/wp-content\/uploads\/2025\/01\/modafinil-for-depression-Main-Image-scaled.webp","articleSection":["Bildungsressourcen"],"inLanguage":"de","potentialAction":[{"@type":"CommentAction","name":"Comment","target":["https:\/\/modafinilminds.com\/modafinil-for-depression\/#respond"]}]},{"@type":"WebPage","@id":"https:\/\/modafinilminds.com\/modafinil-for-depression\/","url":"https:\/\/modafinilminds.com\/modafinil-for-depression\/","name":"Modafinil bei Depressionen: Ein Wendepunkt f\u00fcr die psychische Gesundheit - Modafinilminds","isPartOf":{"@id":"https:\/\/modafinilminds.com\/#website"},"primaryImageOfPage":{"@id":"https:\/\/modafinilminds.com\/modafinil-for-depression\/#primaryimage"},"image":{"@id":"https:\/\/modafinilminds.com\/modafinil-for-depression\/#primaryimage"},"thumbnailUrl":"https:\/\/modafinilminds.com\/wp-content\/uploads\/2025\/01\/modafinil-for-depression-Main-Image-scaled.webp","datePublished":"2023-01-02T16:40:34+00:00","dateModified":"2025-02-17T13:19:32+00:00","description":"Erfahren Sie, wie Modafinil bei Depressionen den Fokus, die Energie und die Stimmung verbessert und damit einen potenziellen Durchbruch in der Behandlung psychischer Erkrankungen darstellt.","breadcrumb":{"@id":"https:\/\/modafinilminds.com\/modafinil-for-depression\/#breadcrumb"},"inLanguage":"de","potentialAction":[{"@type":"ReadAction","target":["https:\/\/modafinilminds.com\/modafinil-for-depression\/"]}]},{"@type":"ImageObject","inLanguage":"de","@id":"https:\/\/modafinilminds.com\/modafinil-for-depression\/#primaryimage","url":"https:\/\/modafinilminds.com\/wp-content\/uploads\/2025\/01\/modafinil-for-depression-Main-Image-scaled.webp","contentUrl":"https:\/\/modafinilminds.com\/wp-content\/uploads\/2025\/01\/modafinil-for-depression-Main-Image-scaled.webp","width":3000,"height":1667},{"@type":"BreadcrumbList","@id":"https:\/\/modafinilminds.com\/modafinil-for-depression\/#breadcrumb","itemListElement":[{"@type":"ListItem","position":1,"name":"Home","item":"https:\/\/modafinilminds.com\/de\/"},{"@type":"ListItem","position":2,"name":"Modafinil bei Depressionen: Ein Wendepunkt f\u00fcr die psychische Gesundheit"}]},{"@type":"WebSite","@id":"https:\/\/modafinilminds.com\/#website","url":"https:\/\/modafinilminds.com\/","name":"Modafinilminds","description":"Modafinilminds","publisher":{"@id":"https:\/\/modafinilminds.com\/#organization"},"potentialAction":[{"@type":"SearchAction","target":{"@type":"EntryPoint","urlTemplate":"https:\/\/modafinilminds.com\/?s={search_term_string}"},"query-input":{"@type":"PropertyValueSpecification","valueRequired":true,"valueName":"search_term_string"}}],"inLanguage":"de"},{"@type":"Organization","@id":"https:\/\/modafinilminds.com\/#organization","name":"Modafinilminds","url":"https:\/\/modafinilminds.com\/","logo":{"@type":"ImageObject","inLanguage":"de","@id":"https:\/\/modafinilminds.com\/#\/schema\/logo\/image\/","url":"https:\/\/modafinilminds.com\/wp-content\/uploads\/2024\/04\/Group-5.png","contentUrl":"https:\/\/modafinilminds.com\/wp-content\/uploads\/2024\/04\/Group-5.png","width":264,"height":108,"caption":"Modafinilminds"},"image":{"@id":"https:\/\/modafinilminds.com\/#\/schema\/logo\/image\/"}},{"@type":"Person","@id":"https:\/\/modafinilminds.com\/#\/schema\/person\/ab33c8418b1039911993de23b400339a","name":"M.R. Puyvelde"}]}},"_links":{"self":[{"href":"https:\/\/modafinilminds.com\/de\/wp-json\/wp\/v2\/posts\/3638","targetHints":{"allow":["GET"]}}],"collection":[{"href":"https:\/\/modafinilminds.com\/de\/wp-json\/wp\/v2\/posts"}],"about":[{"href":"https:\/\/modafinilminds.com\/de\/wp-json\/wp\/v2\/types\/post"}],"author":[{"embeddable":true,"href":"https:\/\/modafinilminds.com\/de\/wp-json\/wp\/v2\/users\/7"}],"replies":[{"embeddable":true,"href":"https:\/\/modafinilminds.com\/de\/wp-json\/wp\/v2\/comments?post=3638"}],"version-history":[{"count":0,"href":"https:\/\/modafinilminds.com\/de\/wp-json\/wp\/v2\/posts\/3638\/revisions"}],"wp:featuredmedia":[{"embeddable":true,"href":"https:\/\/modafinilminds.com\/de\/wp-json\/wp\/v2\/media\/3136"}],"wp:attachment":[{"href":"https:\/\/modafinilminds.com\/de\/wp-json\/wp\/v2\/media?parent=3638"}],"wp:term":[{"taxonomy":"category","embeddable":true,"href":"https:\/\/modafinilminds.com\/de\/wp-json\/wp\/v2\/categories?post=3638"},{"taxonomy":"post_tag","embeddable":true,"href":"https:\/\/modafinilminds.com\/de\/wp-json\/wp\/v2\/tags?post=3638"}],"curies":[{"name":"wp","href":"https:\/\/api.w.org\/{rel}","templated":true}]}}